{"id":1702,"date":"2024-04-18T02:00:00","date_gmt":"2024-04-18T00:00:00","guid":{"rendered":"https:\/\/vaultinum.com\/blog\/informe-esg-y-nuevas-normativas-futuras\/"},"modified":"2026-04-21T18:13:52","modified_gmt":"2026-04-21T16:13:52","slug":"informe-esg-y-nuevas-normativas-futuras","status":"publish","type":"post","link":"https:\/\/vaultinum.com\/es\/blog\/informe-esg-y-nuevas-normativas-futuras","title":{"rendered":"Las empresas est\u00e1n replante\u00e1ndose su postura medioambiental ante la inminencia de nuevas normativas m\u00e1s estrictas"},"content":{"rendered":"<div class=\"line-break text-div text-left\">\n<p data-start=\"0\" data-end=\"13\"><strong>Puntos clave:<\/strong> <\/p>\n<ul data-start=\"15\" data-end=\"950\" data-is-last-node=\"\" data-is-only-node=\"\">\n<li data-section-id=\"93y8h3\" data-start=\"15\" data-end=\"195\">La sentencia del TEDH establece que la inacci\u00f3n clim\u00e1tica puede constituir una violaci\u00f3n de los derechos humanos, obligando a los Estados a cumplir sus compromisos ambientales.<\/li>\n<li data-section-id=\"yyzou2\" data-start=\"196\" data-end=\"321\">Se prev\u00e9 una intensificaci\u00f3n de regulaciones ambientales y litigios en Europa, con un impacto directo sobre las empresas.<\/li>\n<li data-section-id=\"16mzmdz\" data-start=\"322\" data-end=\"484\">Las empresas deben adoptar un enfoque proactivo, identificar brechas frente a normativas y definir planes de acci\u00f3n con KPIs para mitigar riesgos ambientales.<\/li>\n<li data-section-id=\"qba6bb\" data-start=\"485\" data-end=\"658\">Los inversores integran cada vez m\u00e1s criterios ESG en sus decisiones, y las empresas con bajo desempe\u00f1o ambiental pueden enfrentar desinversi\u00f3n o menor acceso a capital.<\/li>\n<li data-section-id=\"e61852\" data-start=\"659\" data-end=\"806\">El aumento de regulaciones favorece el crecimiento del greenwashing, que conlleva riesgos legales, reputacionales y financieros significativos.<\/li>\n<li data-section-id=\"1so5o6i\" data-start=\"807\" data-end=\"950\" data-is-last-node=\"\">La due diligence continua se posiciona como herramienta clave para evaluar, monitorizar y validar el desempe\u00f1o ESG de empresas e inversiones.<\/li>\n<\/ul>\n<p>\u00a0<\/p>\n<p>El impacto de esta decisi\u00f3n no tendr\u00e1 precedentes.\u202f46 pa\u00edses forman parte del Convenio Europeo de Derechos Humanos, incluidos todos los pa\u00edses de la Uni\u00f3n Europea.\u202fLos derechos humanos de m\u00e1s de 600 millones de personas est\u00e1n en juego.<\/p>\n<p>No cabe duda de que, a ra\u00edz de esta decisi\u00f3n, se multiplicar\u00e1n las demandas contra pa\u00edses y empresas. Los pa\u00edses aplicar\u00e1n <strong>nuevas y estrictas normativas para cumplir sus compromisos internacionales<\/strong>.\u202fEstas normativas y demandas se dirigir\u00e1n en primer lugar a las empresas.<\/p>\n<p>Las empresas deben estudiar de forma proactiva c\u00f3mo abordan las cuestiones medioambientales y aplicar todas las medidas que razonablemente cabe esperar de ellas.\u202fPara ello, deben identificar las diferencias entre sus pr\u00e1cticas y las buenas pr\u00e1cticas\/normativas, definir un plan de acci\u00f3n medioambiental y unos indicadores clave de rendimiento, aplicarlos y supervisarlos a largo plazo.<\/p>\n<\/div>\n<div class=\"line-break text-div text-left\">\n<h2 id=\"derechos-humanos-y-cambio-climatico\" class=\"undefined scroll-mt-28\">Derechos humanos y cambio clim\u00e1tico<\/h2>\n<p>La comunidad internacional reconoce cada vez m\u00e1s la relaci\u00f3n entre el cambio clim\u00e1tico y los derechos humanos fundamentales. As\u00ed lo pone de manifiesto el pre\u00e1mbulo del Acuerdo de Par\u00eds[1] y lo respalda el Consejo de Derechos Humanos de la ONU (CDHNU). El CDHNU, informado por el Grupo Intergubernamental de Expertos sobre el Cambio Clim\u00e1tico (IPCC)[2], afirm\u00f3 que el cambio clim\u00e1tico amenaza directamente una serie de derechos humanos, como los de la vida, la alimentaci\u00f3n, la vivienda, el desarrollo, el agua, el saneamiento, la autodeterminaci\u00f3n, la salud y la cultura[3].<\/p>\n<p>En los \u00faltimos a\u00f1os, se ha producido un <strong>n\u00famero creciente de litigios sobre el cambio clim\u00e1tico en territorios de todo el mundo<\/strong>. A principios de 2023, hab\u00eda 2180 casos en curso en tribunales nacionales de todo el mundo[4]. Hasta ahora, los demandantes han basado principalmente sus argumentos en violaciones del derecho a la vida, la dignidad de la persona, la intimidad, la libertad y la seguridad, y la vida familiar y dom\u00e9stica[5]. El 9 de abril de 2024, la Gran Sala del Tribunal Europeo de Derechos Humanos (TEDH) se pronunci\u00f3 sobre tres de estos casos. En uno de estos casos, Verein KimaSeniorinnen Schweiz and Others v. Switzerland, el TEDH dictamin\u00f3 que la <strong>inacci\u00f3n del Gobierno suizo ante el cambio clim\u00e1tico hab\u00eda violado los derechos humanos de sus ciudadanos<\/strong>.<\/p>\n<p>La Gran Sala del TEDH oy\u00f3 el caso Verein KimaSeniorinnen Schweiz and Others v. Switzerland en marzo de 2023.[6] En este caso, la asociaci\u00f3n suiza Verein KimaSeniorinnen Schweiz y cuatro mujeres alegaron que las olas de calor inducidas por la crisis clim\u00e1tica afectaban negativamente a su salud y sus condiciones de vida. El argumento afirmaba que las insuficientes pol\u00edticas clim\u00e1ticas de Suiza vulneraban el derecho a la vida y a la salud en virtud de los art\u00edculos 2 y 8 del Convenio Europeo de Derechos Humanos. La demanda tambi\u00e9n suger\u00eda que el Tribunal Supremo Federal suizo rechaz\u00f3 el caso en violaci\u00f3n de su derecho a un juicio justo, recogido en el art\u00edculo 6, y que las autoridades suizas no proporcionaron un recurso adecuado en violaci\u00f3n del art\u00edculo 13. El TEDH concluy\u00f3 que se hab\u00edan producido violaciones del derecho a la intimidad y a la vida familiar, as\u00ed como del derecho a acceder a los tribunales. En su decisi\u00f3n de 9 de abril de 2024, el tribunal dictamin\u00f3 que, en relaci\u00f3n con el cambio clim\u00e1tico, la Confederaci\u00f3n Suiza hab\u00eda <strong>incumplido sus obligaciones en virtud del Convenio<\/strong>. Se trata del primer veredicto de un tribunal internacional que se pronuncia sobre la obligaci\u00f3n legal de un Gobierno de cumplir los objetivos sobre cambio clim\u00e1tico en virtud de la legislaci\u00f3n sobre derechos humanos.<\/p>\n<\/div>\n<div class=\"line-break text-div text-left\">\n<h2 id=\"y-ahora-que\" class=\"undefined scroll-mt-28\">\u00bfY ahora qu\u00e9?<\/h2>\n<p>Este caso ha suscitado una gran atenci\u00f3n internacional, especialmente por parte de los estados del Consejo Europeo, que comparten la misma obligaci\u00f3n que Suiza de proteger el derecho a la vida privada y familiar en virtud del art\u00edculo 8 del Convenio del CDHNU. Se espera que este caso inspire una <strong>oleada de litigios clim\u00e1ticos en toda Europa<\/strong>[7]. Otros seis casos aplazados ya ser\u00e1n vistos por el tribunal a la luz de esta decisi\u00f3n. Los demandantes en estos casos han emprendido acciones contra Noruega, Austria, Italia y Alemania[8].<\/p>\n<p>En respuesta a esta sentencia y como preparaci\u00f3n para una nueva oleada de litigios clim\u00e1ticos, se espera que los pa\u00edses aumenten dr\u00e1sticamente su normativa medioambiental. La sentencia sienta el precedente de que los Gobiernos est\u00e1n legalmente obligados a proteger los derechos humanos de sus ciudadanos frente a los efectos adversos y generalizados del cambio clim\u00e1tico. Los Gobiernos tendr\u00e1n que reevaluar la pol\u00edtica clim\u00e1tica y cerrar la brecha entre sus actuales medidas clim\u00e1ticas y lo que la ciencia demuestra que es necesario para proteger los derechos humanos y limitar el riesgo de acciones legales. Los pol\u00edticos tendr\u00e1n que volver a dar prioridad al medio ambiente y asegurarse de que esa nueva prioridad sea y siga siendo una realidad a largo plazo. Ante el aumento de la responsabilidad legal (incluidos los compromisos con el Acuerdo de Par\u00eds y el Protocolo de Kioto) y la presi\u00f3n p\u00fablica, el refuerzo gubernamental de las pol\u00edticas clim\u00e1ticas es inevitable. Esto puede incluir cambios en los objetivos de reducci\u00f3n de emisiones, incentivos a las energ\u00edas renovables y ajustes en la normativa sobre extracci\u00f3n y consumo de combustibles f\u00f3siles.<\/p>\n<p>El efecto domin\u00f3 en las empresas que operan en la jurisdicci\u00f3n de estas naciones y m\u00e1s all\u00e1 es un hecho. Los Gobiernos impondr\u00e1n normas m\u00e1s estrictas de pr\u00e1cticas sostenibles y responsabilidad empresarial. La responsabilidad penal por omisi\u00f3n puede estar a la vuelta de la esquina y los consejos de administraci\u00f3n de las empresas deben replantearse su posici\u00f3n e implicaci\u00f3n.<\/p>\n<p>Por lo tanto, se incentivar\u00e1 el desarrollo sostenible para paliar los riesgos legales y de reputaci\u00f3n asociados al mantenimiento de pr\u00e1cticas poco respetuosas con el medio ambiente. Los inversores presionar\u00e1n cada vez m\u00e1s a las empresas para que revelen y mitiguen los da\u00f1os relacionados con el clima. Una normativa medioambiental nacional m\u00e1s amplia y una mayor responsabilidad institucional conllevar\u00e1n que los inversores tendr\u00e1n m\u00e1s en cuenta los factores ESG y los resultados en sus decisiones de inversi\u00f3n. En 2023, BlackRock, la mayor empresa de inversi\u00f3n del mundo, descubri\u00f3 que ya m\u00e1s del 85 % de los inversores consideran necesarios los factores ESG en sus decisiones de inversi\u00f3n[9]. Por tanto, las empresas que no aborden los riesgos clim\u00e1ticos o no tengan objetivos y pr\u00e1cticas sostenibles probablemente se enfrenten a la desinversi\u00f3n o a un menor acceso a los inversores y al capital. Los propios inversores tendr\u00e1n que ir m\u00e1s all\u00e1 del an\u00e1lisis superficial de los factores ESG que realizan actualmente para estar tranquilos.\u202fDe hecho, muchos se contentan con confiar en la garant\u00eda de sus asesores financieros o se limitan a invertir en cualquier cosa que no est\u00e9 calificada de \u00abmarr\u00f3n\u00bb.\u202fLos inversores deben aplicar mejor la diligencia debida y revisar sus opiniones sobre las \u00abindustrias marrones\u00bb.\u202fDe hecho, las \u00abindustrias marrones\u00bb, como la miner\u00eda, el cemento, el transporte mar\u00edtimo, la energ\u00eda o el sector de la aviaci\u00f3n, no solo son esenciales, sino que son las que m\u00e1s inversiones necesitan para transitar hacia una mayor sostenibilidad.\u202fSon los avances en sostenibilidad de estas industrias los que m\u00e1s pueden influir positivamente en el cambio clim\u00e1tico.<\/p>\n<\/div>\n<div class=\"line-break text-div text-left\">\n<h2 id=\"el-endurecimiento-de-la-normativa-aumenta-el-greenwashing\" class=\"undefined scroll-mt-28\">El endurecimiento de la normativa aumenta el greenwashing<\/h2>\n<p>A medida que aumentan las normativas sobre pr\u00e1cticas sostenibles, tambi\u00e9n lo hace la prevalencia del greenwashing en el mercado. El greenwashing se produce cuando una organizaci\u00f3n hace declaraciones falsas o enga\u00f1osas sobre el impacto medioambiental de sus productos o servicios. Las empresas utilizan el greenwashing para sacar provecho de la creciente demanda de pr\u00e1cticas respetuosas con el medio ambiente[10]. La correlaci\u00f3n entre el aumento de la normativa medioambiental y el greenwashing qued\u00f3 demostrada en 2015, despu\u00e9s de que China promulgara una Ley de Protecci\u00f3n del Medio Ambiente (EPL) que ejerc\u00eda nuevas presiones institucionales sobre las empresas altamente contaminantes. Los estudios revelaron que la EPL exacerb\u00f3 el greenwashing, ya que muchas empresas no sacrificar\u00edan sus beneficios por los elevados costes de cumplimiento de las nuevas normativas medioambientales. En su lugar, las empresas inflaron las puntuaciones ESG y falsearon el uso de energ\u00edas limpias, bajas emisiones contaminantes y otras pr\u00e1cticas sostenibles en el marketing externo para mantener el apoyo de las partes interesadas y del Gobierno[11].<\/p>\n<p>A la luz de la reciente sentencia de la Comisi\u00f3n de Derechos Humanos del Parlamento Europeo y de la avalancha de normativas medioambientales que se esperan, el greenwashing estar\u00e1 omnipresente en los pr\u00f3ximos a\u00f1os. En 2022, la Harvard Business Review ya inform\u00f3 de que el 42 % de las afirmaciones ecol\u00f3gicas ESG empresas de Europa eran falsas o enga\u00f1osas[12]. Muchas organizaciones \u00abindependientes\u00bb de \u00abpuntuaci\u00f3n\u00bb de terceros son c\u00f3mplices de esto al aplicar herramientas de puntuaci\u00f3n que solo analizan la superficie de la situaci\u00f3n ESG empresas o al no ofrecer herramientas capaces de identificar las lagunas pertinentes y evaluar eficazmente el rendimiento.<\/p>\n<p>Para los inversores, el greenwashing puede acarrear y acarrear\u00e1 cada vez m\u00e1s sanciones, da\u00f1os a la reputaci\u00f3n y un profundo impacto en el precio de las acciones de la empresa en la que se invierte[13]. Gobiernos de todo el mundo, incluidos los de la UE y la Comisi\u00f3n Federal de Comercio de Estados Unidos, han promulgado normativas m\u00e1s estrictas (como el Pacto Verde europeo) para mitigar el greenwashing. Las empresas acusadas de greenwashing se enfrentan a graves repercusiones legales, incluidas demandas y multas. En Francia, infringir la Ley del Clima y la Resiliencia[14] y anunciar falsamente logros medioambientales puede acarrear elevadas multas y penas de prisi\u00f3n[15]. Adem\u00e1s, el greenwashing plantea importantes riesgos para la reputaci\u00f3n. Las empresas acusadas o imputadas por greenwashing da\u00f1an la confianza de sus clientes, inversores y empleados. El greenwashing tambi\u00e9n puede dar lugar a costosas retiradas de productos y a tensas relaciones con socios y proveedores, lo que perjudica las operaciones y perspectivas de la empresa[16]. Con la decisi\u00f3n de la CDHE, sin duda m\u00e1s normativas ver\u00e1n la luz y las empresas pueden arriesgarse a cerrar si no las cumplen.<\/p>\n<\/div>\n<div class=\"line-break text-div text-left\">\n<h2 id=\"la-diligencia-debida-como-herramienta-para-gobiernos-inversores-y-empresas\" class=\"undefined scroll-mt-28\">La diligencia debida como herramienta para Gobiernos, inversores y empresas<\/h2>\n<p>Las normativas se multiplican. El greenwashing es cada vez m\u00e1s dif\u00edcil de detectar, ya que las limitaciones de la ciencia de las emisiones y las cuestionables herramientas de \u00abcalificaci\u00f3n\u00bb facilitan el uso de cortinas de humo y efecto espejo.<\/p>\n<p>Los inversores y las empresas no deben ni pueden seguir confiando en su conocimiento de las palabras de moda para identificar afirmaciones medioambientales falsas.<\/p>\n<p>Por un lado, resulta esencial que las empresas presenten una imagen veraz de su situaci\u00f3n ESG, objetivos, planes de acci\u00f3n, KPI y logros o \u00e1reas de mejoras necesarias. Por el otro, los inversores deben fijarse en las empresas por su potencial y no por lo que son.\u202fLas industrias marrones, por ejemplo, son esenciales para la sociedad y pueden transitar hacia la sostenibilidad sin dejar de aportar valor.<\/p>\n<p>Las herramientas de diligencia debida continuada ayudan tanto a las empresas como a los inversores a garantizar que son proactivos en sus evaluaciones a lo largo del tiempo.\u202fLa dimensi\u00f3n ESG no es un esfuerzo aislado. Tiene que ser continuo e implica el establecimiento de objetivos e hitos a corto, medio y largo plazo, la supervisi\u00f3n y evaluaci\u00f3n continuas con respecto a los indicadores clave de rendimiento predefinidos, y el reconocimiento y la revisi\u00f3n honestos de los fracasos y los \u00e9xitos para aplicar las lecciones aprendidas.<\/p>\n<p>Vaultinum, un tercero independiente e imparcial de confianza, ha desarrollado estas <a class=\"text-accent-secondary hover:text-accent-secondary hover:underline\" href=\"https:\/\/vaultinum.com\/es\/due-diligence-tecnologica\">herramientas de diligencia debida para ayudar a las empresas a cumplir las expectativas de responsabilidad y a los inversores a tomar decisiones fundamentadas<\/a>.<\/p>\n<\/div>\n<div class=\"line-break text-div text-left\">\u00a0<\/div>\n\n\n<p><strong>Referencias:<\/strong><\/p>\n\n\n\n<p>[1] Mayer, B. (2016). Los derechos humanos en el Acuerdo de Par\u00eds. Ley del Clima. https:\/\/www.benoitmayer.com\/files\/Human%20rights%20in%20the%20Paris%20Agreement.pdf [2] Datos \u2013 IPCC. (s.f.). IPCC. https:\/\/www.ipcc.ch\/data\/<\/p>\n\n\n\n<p>[3] ACNUDH. (s.f.). La ACNUDH y el cambio clim\u00e1tico. https:\/\/www.ohchr.org\/en\/climate-change\/<\/p>\n\n\n\n<p>[4] Climate lawsuits are on the rise. This is what they\u2019re based on. (2023, 9 de agosto). State of the Planet. https:\/\/news.climate.columbia.edu\/2023\/08\/09\/climate-lawsuits-are-on-the-rise-this-is-what-theyre-based-on\/#:~:text=According%20to%20the%20report%2C%20the,in%20the%20United%20States%20alone.<\/p>\n\n\n\n<p>[5] Warnock, C. A., y Preston, B. (2023). Cambio clim\u00e1tico, derechos fundamentales e interpretaci\u00f3n de la ley. Journal of Environmental Law, 35(1), 47-64. https:\/\/doi.org\/10.1093\/jel\/eqad002 [6] KlimaSeniorinnen v Switzerland (ECtHR) \u2013 Climate Change Litigation. (2024, 9 de abril). Litigios sobre el cambio clim\u00e1tico.https:\/\/climatecasechart.com\/non-us-case\/union-of-swiss-senior-women-for-climate-protection-v-swiss-federal-council-and-others\/<\/p>\n\n\n\n<p>[7] Kaminski, I. (2024, 13 de abril). La sentencia del Tribunal de Estrasburgo sobre el clima en Suiza podr\u00eda tener repercusiones mundiales, seg\u00fan los expertos. The Guardian. https:\/\/www.theguardian.com\/law\/2024\/apr\/13\/swiss-climate-ruling-global-impact-european-court-human-rights#:~:text=Los%20expertos%20creen%20que%20la%20\u00faltima%20fallo,en%20lugar%20de%20gobernanza%20clim\u00e1tica.<\/p>\n\n\n\n<p>[8] Frost, R. (2024, 10 de abril). Una sentencia \u00abhist\u00f3rica\u00bb del Tribunal Europeo de Derechos Humanos respalda a las mujeres suizas en un caso de cambio clim\u00e1tico. Euronews. https:\/\/www.euronews.com\/green\/2024\/04\/09\/top-european-human-rights-court-could-rule-that-governments-have-to-protect-people-from-cl<\/p>\n\n\n\n<p>[9] El auge de la inversi\u00f3n ESG: un cambio radical para los mercados financieros. (2024, 6 de marzo). Acuity Knowledge Partners. https:\/\/www.acuitykp.com\/blog\/the-rise-of-esg-investing\/#:~:text=ESG%20investing%20is%20helping%20to,2022%20from%20200%20in%202015.<\/p>\n\n\n\n<p>[10] Hayes, A. (2024, 22 de enero). \u00bfQu\u00e9 es el greenwashing? C\u00f3mo funciona, ejemplos y estad\u00edsticas. Investopedia. https:\/\/www.investopedia.com\/terms\/g\/greenwashing.asp#:~:text=Greenwashing%20is%20an%20attempt%20to,are%20environmentally%20conscious%20or%20friendly.<\/p>\n\n\n\n<p>[11] Zhang, Y., Chen, S., Li, Y., &amp; Ramos, D. L. (2024). \u00bfLa Ley de Protecci\u00f3n del Medio Ambiente provoca el greenwashing? Datos de empresas sumamente contaminantes en China. Sustainability, 16(5), 1782. https:\/\/doi.org\/10.3390\/su16051782<\/p>\n\n\n\n<p>[12] Ioannou, I. (2022, 21 de julio). C\u00f3mo afecta el greenwashing a los resultados. Harvard Business Review. https:\/\/hbr.org\/2022\/07\/how-greenwashing-affects-the-bottom-line<\/p>\n\n\n\n<p>[13] Lo verde no siempre es limpio: la creciente oleada de greenwashing conlleva riesgos para los inversores. (2021, 19 de mayo). https:\/\/www.avivainvestors.com\/en-gb\/views\/aiq-investment-thinking\/2021\/05\/greenwashing-risk\/<\/p>\n\n\n\n<p>[14] Loi n\u00b0 2021-1104, Climat et R\u00e9silience, 22 de agosto de 2021.<\/p>\n\n\n\n<p>[15] FRANCIA: Actualizaci\u00f3n de la normativa sobre \u00abgreenwashing\u00bb | World Law Group. (2022, 5 de junio). https:\/\/www.theworldlawgroup.com\/news\/advertising-and-the-environment-update-on-greenwashing-regulation 16 Equipo, T. (2023, 10 de marzo). \u00bfQu\u00e9 es el greenwashing? \u00bfPor qu\u00e9 deber\u00edan preocuparse las grandes empresas? Terrascope. https:\/\/www.terrascope.com\/blog\/what-is-greenwashing-why-should-large-enterprises-care<\/p>\n\n\n","protected":false},"excerpt":{"rendered":"<p>Una reciente sentencia del Tribunal Europeo de Derechos Humanos tendr\u00e1 amplias repercusiones en la forma en que las empresas y los pa\u00edses abordan el cambio clim\u00e1tico.\u202fDe hecho, al decidir que Suiza, un pa\u00eds que no suele asociarse con malos resultados medioambientales, sociales y de gobierno corporativo (ESG), hab\u00eda violado los derechos humanos de sus ciudadanos al incumplir sus compromisos internacionales, el Tribunal ha asestado un duro golpe a los pa\u00edses que creen que pueden no priorizar el medio ambiente a su antojo.\u202fEn resumen, el greenwashing ya no es suficiente para satisfacer a los tribunales. Este art\u00edculo analizar\u00e1 las repercusiones de esta decisi\u00f3n y los retos que se plantean para Gobiernos y empresas.<\/p>\n","protected":false},"author":4,"featured_media":8008,"comment_status":"closed","ping_status":"closed","sticky":false,"template":"","format":"standard","meta":{"_acf_changed":false,"_et_pb_use_builder":"","_et_pb_old_content":"","_et_gb_content_width":"","_lmt_disableupdate":"","_lmt_disable":"","footnotes":""},"categories":[283,255],"tags":[],"ppma_author":[305],"class_list":["post-1702","post","type-post","status-publish","format-standard","has-post-thumbnail","hentry","category-tech-due-diligence-3","category-esg-es","author-jean-albert"],"acf":[],"yoast_head":"<!-- This site is optimized with the Yoast SEO plugin v26.6 - https:\/\/yoast.com\/wordpress\/plugins\/seo\/ -->\n<title>Informe ESG y nuevas normativas futuras<\/title>\n<meta name=\"description\" content=\"Descubra el informe ESG y las implicaciones de una reciente sentencia del Tribunal Europeo de Derechos Humanos sobre la responsabilidad ante el cambio clim\u00e1tico\" \/>\n<meta name=\"robots\" content=\"index, follow, max-snippet:-1, max-image-preview:large, max-video-preview:-1\" \/>\n<link rel=\"canonical\" href=\"https:\/\/vaultinum.com\/es\/blog\/informe-esg-y-nuevas-normativas-futuras\" \/>\n<meta property=\"og:locale\" content=\"es_ES\" \/>\n<meta property=\"og:type\" content=\"article\" \/>\n<meta property=\"og:title\" content=\"Informe ESG y nuevas normativas futuras\" \/>\n<meta property=\"og:description\" content=\"Descubra el informe ESG y las implicaciones de una reciente sentencia del Tribunal Europeo de Derechos Humanos sobre la responsabilidad ante el cambio clim\u00e1tico\" \/>\n<meta property=\"og:url\" content=\"https:\/\/vaultinum.com\/es\/blog\/informe-esg-y-nuevas-normativas-futuras\" \/>\n<meta property=\"og:site_name\" content=\"Vaultinum\" \/>\n<meta property=\"article:published_time\" content=\"2024-04-18T00:00:00+00:00\" \/>\n<meta property=\"article:modified_time\" content=\"2026-04-21T16:13:52+00:00\" \/>\n<meta property=\"og:image\" content=\"https:\/\/vaultinum.com\/wp-content\/uploads\/2025\/06\/Blog-image-75.webp\" \/>\n\t<meta property=\"og:image:width\" content=\"1200\" \/>\n\t<meta property=\"og:image:height\" content=\"600\" \/>\n\t<meta property=\"og:image:type\" content=\"image\/webp\" \/>\n<meta name=\"author\" content=\"Jean Albert\" \/>\n<meta name=\"twitter:card\" content=\"summary_large_image\" \/>\n<meta name=\"twitter:label1\" content=\"Escrito por\" \/>\n\t<meta name=\"twitter:data1\" content=\"alexis\" \/>\n\t<meta name=\"twitter:label2\" content=\"Tiempo de lectura\" \/>\n\t<meta name=\"twitter:data2\" content=\"11 minutos\" \/>\n<script type=\"application\/ld+json\" class=\"yoast-schema-graph\">{\"@context\":\"https:\/\/schema.org\",\"@graph\":[{\"@type\":\"NewsArticle\",\"@id\":\"https:\/\/vaultinum.com\/es\/blog\/informe-esg-y-nuevas-normativas-futuras#article\",\"isPartOf\":{\"@id\":\"https:\/\/vaultinum.com\/es\/blog\/informe-esg-y-nuevas-normativas-futuras\"},\"author\":{\"name\":\"Jean Albert\",\"@id\":\"\"},\"headline\":\"Las empresas est\u00e1n replante\u00e1ndose su postura medioambiental ante la inminencia de nuevas normativas m\u00e1s estrictas\",\"datePublished\":\"2024-04-18T00:00:00+00:00\",\"dateModified\":\"2026-04-21T16:13:52+00:00\",\"mainEntityOfPage\":{\"@id\":\"https:\/\/vaultinum.com\/es\/blog\/informe-esg-y-nuevas-normativas-futuras\"},\"wordCount\":2606,\"publisher\":{\"@id\":\"https:\/\/vaultinum.com\/es#organization\"},\"image\":{\"@id\":\"https:\/\/vaultinum.com\/es\/blog\/informe-esg-y-nuevas-normativas-futuras#primaryimage\"},\"thumbnailUrl\":\"https:\/\/vaultinum.com\/wp-content\/uploads\/2025\/06\/Blog-image-75.webp\",\"articleSection\":[\"Due Diligence Tecnol\u00f3gica\",\"ESG\"],\"inLanguage\":\"es\",\"copyrightYear\":\"2024\",\"copyrightHolder\":{\"@id\":\"https:\/\/vaultinum.com\/#organization\"}},{\"@type\":\"WebPage\",\"@id\":\"https:\/\/vaultinum.com\/es\/blog\/informe-esg-y-nuevas-normativas-futuras\",\"url\":\"https:\/\/vaultinum.com\/es\/blog\/informe-esg-y-nuevas-normativas-futuras\",\"name\":\"Informe ESG y nuevas normativas futuras\",\"isPartOf\":{\"@id\":\"https:\/\/vaultinum.com\/es#website\"},\"primaryImageOfPage\":{\"@id\":\"https:\/\/vaultinum.com\/es\/blog\/informe-esg-y-nuevas-normativas-futuras#primaryimage\"},\"image\":{\"@id\":\"https:\/\/vaultinum.com\/es\/blog\/informe-esg-y-nuevas-normativas-futuras#primaryimage\"},\"thumbnailUrl\":\"https:\/\/vaultinum.com\/wp-content\/uploads\/2025\/06\/Blog-image-75.webp\",\"datePublished\":\"2024-04-18T00:00:00+00:00\",\"dateModified\":\"2026-04-21T16:13:52+00:00\",\"description\":\"Descubra el informe ESG y las implicaciones de una reciente sentencia del Tribunal Europeo de Derechos Humanos sobre la responsabilidad ante el cambio clim\u00e1tico\",\"breadcrumb\":{\"@id\":\"https:\/\/vaultinum.com\/es\/blog\/informe-esg-y-nuevas-normativas-futuras#breadcrumb\"},\"inLanguage\":\"es\",\"potentialAction\":[{\"@type\":\"ReadAction\",\"target\":[\"https:\/\/vaultinum.com\/es\/blog\/informe-esg-y-nuevas-normativas-futuras\"]}]},{\"@type\":\"ImageObject\",\"inLanguage\":\"es\",\"@id\":\"https:\/\/vaultinum.com\/es\/blog\/informe-esg-y-nuevas-normativas-futuras#primaryimage\",\"url\":\"https:\/\/vaultinum.com\/wp-content\/uploads\/2025\/06\/Blog-image-75.webp\",\"contentUrl\":\"https:\/\/vaultinum.com\/wp-content\/uploads\/2025\/06\/Blog-image-75.webp\",\"width\":1200,\"height\":600,\"caption\":\"Las empresas est\u00e1n replante\u00e1ndose su postura medioambiental ante la inminencia de nuevas normativas m\u00e1s estrictas\"},{\"@type\":\"BreadcrumbList\",\"@id\":\"https:\/\/vaultinum.com\/es\/blog\/informe-esg-y-nuevas-normativas-futuras#breadcrumb\",\"itemListElement\":[{\"@type\":\"ListItem\",\"position\":1,\"name\":\"Vaultinum\",\"item\":\"https:\/\/vaultinum.com\/es\"},{\"@type\":\"ListItem\",\"position\":2,\"name\":\"Las empresas est\u00e1n replante\u00e1ndose su postura medioambiental ante la inminencia de nuevas normativas m\u00e1s estrictas\"}]},{\"@type\":\"WebSite\",\"@id\":\"https:\/\/vaultinum.com\/es#website\",\"url\":\"https:\/\/vaultinum.com\/es\",\"name\":\"Vaultinum\",\"description\":\"\",\"publisher\":{\"@id\":\"https:\/\/vaultinum.com\/es#organization\"},\"potentialAction\":[{\"@type\":\"SearchAction\",\"target\":{\"@type\":\"EntryPoint\",\"urlTemplate\":\"https:\/\/vaultinum.com\/es?s={search_term_string}\"},\"query-input\":{\"@type\":\"PropertyValueSpecification\",\"valueRequired\":true,\"valueName\":\"search_term_string\"}}],\"inLanguage\":\"es\"},{\"@type\":\"Organization\",\"@id\":\"https:\/\/vaultinum.com\/es#organization\",\"name\":\"Vaultinum\",\"url\":\"https:\/\/vaultinum.com\/es\",\"logo\":{\"@type\":\"ImageObject\",\"inLanguage\":\"es\",\"@id\":\"https:\/\/vaultinum.com\/es#\/schema\/logo\/image\/\",\"url\":\"https:\/\/vaultinum.com\/wp-content\/uploads\/2025\/03\/logo-vaultinum-color.svg\",\"contentUrl\":\"https:\/\/vaultinum.com\/wp-content\/uploads\/2025\/03\/logo-vaultinum-color.svg\",\"width\":247,\"height\":75,\"caption\":\"Vaultinum\"},\"image\":{\"@id\":\"https:\/\/vaultinum.com\/es#\/schema\/logo\/image\/\"},\"sameAs\":[\"https:\/\/www.linkedin.com\/company\/vaultinum\/\",\"https:\/\/www.youtube.com\/@vaultinum_official\"]},{\"@type\":\"Person\",\"@id\":\"https:\/\/vaultinum.com\/es#\/schema\/person\/02b6c488b368a323db6a7a3d5310f0b5\",\"name\":\"alexis\",\"image\":{\"@type\":\"ImageObject\",\"inLanguage\":\"es\",\"@id\":\"https:\/\/vaultinum.com\/es#\/schema\/person\/image\/f8aaa1cb5ef138f74c08c314eff710e7\",\"url\":\"https:\/\/secure.gravatar.com\/avatar\/511a13103e091d624237587f9f522d14fa4d5f3d7ba876c9d0c032c2afc680d4?s=96&d=mm&r=g\",\"contentUrl\":\"https:\/\/secure.gravatar.com\/avatar\/511a13103e091d624237587f9f522d14fa4d5f3d7ba876c9d0c032c2afc680d4?s=96&d=mm&r=g\",\"caption\":\"alexis\"},\"description\":\"BKO\"}]}<\/script>\n<!-- \/ Yoast SEO plugin. -->","yoast_head_json":{"title":"Informe ESG y nuevas normativas futuras","description":"Descubra el informe ESG y las implicaciones de una reciente sentencia del Tribunal Europeo de Derechos Humanos sobre la responsabilidad ante el cambio clim\u00e1tico","robots":{"index":"index","follow":"follow","max-snippet":"max-snippet:-1","max-image-preview":"max-image-preview:large","max-video-preview":"max-video-preview:-1"},"canonical":"https:\/\/vaultinum.com\/es\/blog\/informe-esg-y-nuevas-normativas-futuras","og_locale":"es_ES","og_type":"article","og_title":"Informe ESG y nuevas normativas futuras","og_description":"Descubra el informe ESG y las implicaciones de una reciente sentencia del Tribunal Europeo de Derechos Humanos sobre la responsabilidad ante el cambio clim\u00e1tico","og_url":"https:\/\/vaultinum.com\/es\/blog\/informe-esg-y-nuevas-normativas-futuras","og_site_name":"Vaultinum","article_published_time":"2024-04-18T00:00:00+00:00","article_modified_time":"2026-04-21T16:13:52+00:00","og_image":[{"width":1200,"height":600,"url":"https:\/\/vaultinum.com\/wp-content\/uploads\/2025\/06\/Blog-image-75.webp","type":"image\/webp"}],"author":"Jean Albert","twitter_card":"summary_large_image","twitter_misc":{"Escrito por":"alexis","Tiempo de lectura":"11 minutos"},"schema":{"@context":"https:\/\/schema.org","@graph":[{"@type":"NewsArticle","@id":"https:\/\/vaultinum.com\/es\/blog\/informe-esg-y-nuevas-normativas-futuras#article","isPartOf":{"@id":"https:\/\/vaultinum.com\/es\/blog\/informe-esg-y-nuevas-normativas-futuras"},"author":{"name":"Jean Albert","@id":""},"headline":"Las empresas est\u00e1n replante\u00e1ndose su postura medioambiental ante la inminencia de nuevas normativas m\u00e1s estrictas","datePublished":"2024-04-18T00:00:00+00:00","dateModified":"2026-04-21T16:13:52+00:00","mainEntityOfPage":{"@id":"https:\/\/vaultinum.com\/es\/blog\/informe-esg-y-nuevas-normativas-futuras"},"wordCount":2606,"publisher":{"@id":"https:\/\/vaultinum.com\/es#organization"},"image":{"@id":"https:\/\/vaultinum.com\/es\/blog\/informe-esg-y-nuevas-normativas-futuras#primaryimage"},"thumbnailUrl":"https:\/\/vaultinum.com\/wp-content\/uploads\/2025\/06\/Blog-image-75.webp","articleSection":["Due Diligence Tecnol\u00f3gica","ESG"],"inLanguage":"es","copyrightYear":"2024","copyrightHolder":{"@id":"https:\/\/vaultinum.com\/#organization"}},{"@type":"WebPage","@id":"https:\/\/vaultinum.com\/es\/blog\/informe-esg-y-nuevas-normativas-futuras","url":"https:\/\/vaultinum.com\/es\/blog\/informe-esg-y-nuevas-normativas-futuras","name":"Informe ESG y nuevas normativas futuras","isPartOf":{"@id":"https:\/\/vaultinum.com\/es#website"},"primaryImageOfPage":{"@id":"https:\/\/vaultinum.com\/es\/blog\/informe-esg-y-nuevas-normativas-futuras#primaryimage"},"image":{"@id":"https:\/\/vaultinum.com\/es\/blog\/informe-esg-y-nuevas-normativas-futuras#primaryimage"},"thumbnailUrl":"https:\/\/vaultinum.com\/wp-content\/uploads\/2025\/06\/Blog-image-75.webp","datePublished":"2024-04-18T00:00:00+00:00","dateModified":"2026-04-21T16:13:52+00:00","description":"Descubra el informe ESG y las implicaciones de una reciente sentencia del Tribunal Europeo de Derechos Humanos sobre la responsabilidad ante el cambio clim\u00e1tico","breadcrumb":{"@id":"https:\/\/vaultinum.com\/es\/blog\/informe-esg-y-nuevas-normativas-futuras#breadcrumb"},"inLanguage":"es","potentialAction":[{"@type":"ReadAction","target":["https:\/\/vaultinum.com\/es\/blog\/informe-esg-y-nuevas-normativas-futuras"]}]},{"@type":"ImageObject","inLanguage":"es","@id":"https:\/\/vaultinum.com\/es\/blog\/informe-esg-y-nuevas-normativas-futuras#primaryimage","url":"https:\/\/vaultinum.com\/wp-content\/uploads\/2025\/06\/Blog-image-75.webp","contentUrl":"https:\/\/vaultinum.com\/wp-content\/uploads\/2025\/06\/Blog-image-75.webp","width":1200,"height":600,"caption":"Las empresas est\u00e1n replante\u00e1ndose su postura medioambiental ante la inminencia de nuevas normativas m\u00e1s estrictas"},{"@type":"BreadcrumbList","@id":"https:\/\/vaultinum.com\/es\/blog\/informe-esg-y-nuevas-normativas-futuras#breadcrumb","itemListElement":[{"@type":"ListItem","position":1,"name":"Vaultinum","item":"https:\/\/vaultinum.com\/es"},{"@type":"ListItem","position":2,"name":"Las empresas est\u00e1n replante\u00e1ndose su postura medioambiental ante la inminencia de nuevas normativas m\u00e1s estrictas"}]},{"@type":"WebSite","@id":"https:\/\/vaultinum.com\/es#website","url":"https:\/\/vaultinum.com\/es","name":"Vaultinum","description":"","publisher":{"@id":"https:\/\/vaultinum.com\/es#organization"},"potentialAction":[{"@type":"SearchAction","target":{"@type":"EntryPoint","urlTemplate":"https:\/\/vaultinum.com\/es?s={search_term_string}"},"query-input":{"@type":"PropertyValueSpecification","valueRequired":true,"valueName":"search_term_string"}}],"inLanguage":"es"},{"@type":"Organization","@id":"https:\/\/vaultinum.com\/es#organization","name":"Vaultinum","url":"https:\/\/vaultinum.com\/es","logo":{"@type":"ImageObject","inLanguage":"es","@id":"https:\/\/vaultinum.com\/es#\/schema\/logo\/image\/","url":"https:\/\/vaultinum.com\/wp-content\/uploads\/2025\/03\/logo-vaultinum-color.svg","contentUrl":"https:\/\/vaultinum.com\/wp-content\/uploads\/2025\/03\/logo-vaultinum-color.svg","width":247,"height":75,"caption":"Vaultinum"},"image":{"@id":"https:\/\/vaultinum.com\/es#\/schema\/logo\/image\/"},"sameAs":["https:\/\/www.linkedin.com\/company\/vaultinum\/","https:\/\/www.youtube.com\/@vaultinum_official"]},{"@type":"Person","@id":"https:\/\/vaultinum.com\/es#\/schema\/person\/02b6c488b368a323db6a7a3d5310f0b5","name":"alexis","image":{"@type":"ImageObject","inLanguage":"es","@id":"https:\/\/vaultinum.com\/es#\/schema\/person\/image\/f8aaa1cb5ef138f74c08c314eff710e7","url":"https:\/\/secure.gravatar.com\/avatar\/511a13103e091d624237587f9f522d14fa4d5f3d7ba876c9d0c032c2afc680d4?s=96&d=mm&r=g","contentUrl":"https:\/\/secure.gravatar.com\/avatar\/511a13103e091d624237587f9f522d14fa4d5f3d7ba876c9d0c032c2afc680d4?s=96&d=mm&r=g","caption":"alexis"},"description":"BKO"}]}},"modified_by":"Marwen Bouzaien","authors":[{"term_id":305,"user_id":0,"is_guest":1,"slug":"jean-albert","display_name":"Jean Albert","avatar_url":"https:\/\/secure.gravatar.com\/avatar\/?s=96&d=mm&r=g","author_category":"1","domaine_dexpertise":"<ul>\r\n \t<li>Propiedad Intelectual<\/li>\r\n \t<li>Derecho Internacional<\/li>\r\n<\/ul>","description_complete":"Jean Albert es el Director Jur\u00eddico de Vaultinum. Abogado colegiado y especialista en derecho internacional, aporta una s\u00f3lida experiencia legal al servicio de la misi\u00f3n de Vaultinum: ofrecer due diligence tecnol\u00f3gica con total confianza.\r\n\r\nComo presidente de las comisiones de Estrategia y Asuntos Jur\u00eddicos de la empresa, Jean supervisa el desarrollo y la aplicaci\u00f3n de pol\u00edticas y procesos que garantizan la solidez jur\u00eddica y el cumplimiento normativo de las metodolog\u00edas de Vaultinum, especialmente en la protecci\u00f3n de los activos digitales.\r\n\r\nSu labor contribuye a ofrecer a los inversores la claridad y la seguridad necesarias para evaluar compa\u00f1\u00edas con un fuerte componente tecnol\u00f3gico.","first_name":"Jean","last_name":"Albert","user_url":"","job_title":"CLO Vaultinum","linkedin":"","description":"Jean Albert es abogado colegiado, especialista en derecho internacional, y preside las comisiones de Estrategia y Asuntos Jur\u00eddicos de Vaultinum."}],"_links":{"self":[{"href":"https:\/\/vaultinum.com\/es\/wp-json\/wp\/v2\/posts\/1702","targetHints":{"allow":["GET"]}}],"collection":[{"href":"https:\/\/vaultinum.com\/es\/wp-json\/wp\/v2\/posts"}],"about":[{"href":"https:\/\/vaultinum.com\/es\/wp-json\/wp\/v2\/types\/post"}],"author":[{"embeddable":true,"href":"https:\/\/vaultinum.com\/es\/wp-json\/wp\/v2\/users\/4"}],"replies":[{"embeddable":true,"href":"https:\/\/vaultinum.com\/es\/wp-json\/wp\/v2\/comments?post=1702"}],"version-history":[{"count":1,"href":"https:\/\/vaultinum.com\/es\/wp-json\/wp\/v2\/posts\/1702\/revisions"}],"predecessor-version":[{"id":10566,"href":"https:\/\/vaultinum.com\/es\/wp-json\/wp\/v2\/posts\/1702\/revisions\/10566"}],"wp:featuredmedia":[{"embeddable":true,"href":"https:\/\/vaultinum.com\/es\/wp-json\/wp\/v2\/media\/8008"}],"wp:attachment":[{"href":"https:\/\/vaultinum.com\/es\/wp-json\/wp\/v2\/media?parent=1702"}],"wp:term":[{"taxonomy":"category","embeddable":true,"href":"https:\/\/vaultinum.com\/es\/wp-json\/wp\/v2\/categories?post=1702"},{"taxonomy":"post_tag","embeddable":true,"href":"https:\/\/vaultinum.com\/es\/wp-json\/wp\/v2\/tags?post=1702"},{"taxonomy":"author","embeddable":true,"href":"https:\/\/vaultinum.com\/es\/wp-json\/wp\/v2\/ppma_author?post=1702"}],"curies":[{"name":"wp","href":"https:\/\/api.w.org\/{rel}","templated":true}]}}